{"id":44,"date":"2019-10-16T16:36:01","date_gmt":"2019-10-16T13:36:01","guid":{"rendered":"https:\/\/www.mitasklima.net\/tekstilklimasistemleri\/?p=44"},"modified":"2019-10-16T16:36:03","modified_gmt":"2019-10-16T13:36:03","slug":"tekstil-iklimlendirme-santralleri","status":"publish","type":"post","link":"https:\/\/www.mitasklima.com\/tekstilklimasistemleri\/tekstil-iklimlendirme-santralleri.html","title":{"rendered":"Tekstil iklimlendirme santralleri"},"content":{"rendered":"\n<p> \u00c7e\u015fitli sekt\u00f6rler i\u00e7in \u00fcretti\u011fimiz <strong>iklimlendirme<\/strong> santralleri i\u00e7erisinde bulunan \u0131s\u0131tma ve so\u011futma \u00fcniteleri sayesinde \u00fcretim salonlar\u0131nda istenilen s\u0131cakl\u0131k de\u011ferlerini sa\u011flamaktad\u0131r. Ayr\u0131ca <a href=\"https:\/\/www.mitasklima.net\">havaland\u0131rma<\/a> cihazlar\u0131 ile salon i\u00e7erisinde istenilen hava de\u011fi\u015fim say\u0131s\u0131 temin edilmektedir. Tekstil sekt\u00f6r\u00fc i\u00e7in \u00f6zel olarak dizayn edilen tekstil iklimlendirme santralleri <em>salon<\/em> i\u00e7erisinde istenilen de\u011ferleri sa\u011flamaktad\u0131r. \u00dcretim salonlar\u0131 i\u00e7erisinde olu\u015fan t\u00fcm toz ve <strong>telef<\/strong> temizlenerek tekstil fabrikalar\u0131 i\u00e7in en uygun \u00e7al\u0131\u015fma \u015fartlar\u0131 sa\u011flanmaktad\u0131r. Klima kapasitesi tesis i\u00e7erisinde istenilen nem ve s\u0131cakl\u0131k de\u011ferlerine g\u00f6re belirlenmektedir. Firmam\u0131zca yap\u0131lan t\u00fcm klima <em>santral<\/em> ekipmanlar\u0131, taraf\u0131m\u0131zca \u00fcretilmekte ve kontrolleri yap\u0131lmaktad\u0131r. \u00dcretimi yap\u0131lan t\u00fcm ekipmanlar y\u00fcksek performans ve d\u00fc\u015f\u00fck t\u00fcketim slogan\u0131 ile \u00fcretilmektedir. <\/p>\n","protected":false},"excerpt":{"rendered":"<p>\u00c7e\u015fitli sekt\u00f6rler i\u00e7in \u00fcretti\u011fimiz iklimlendirme santralleri i\u00e7erisinde bulunan \u0131s\u0131tma ve so\u011futma \u00fcniteleri sayesinde \u00fcretim salonlar\u0131nda istenilen s\u0131cakl\u0131k de\u011ferlerini sa\u011flamaktad\u0131r. Ayr\u0131ca [&hellip;]<\/p>\n","protected":false},"author":2,"featured_media":0,"comment_status":"open","ping_status":"open","sticky":false,"template":"","format":"standard","meta":{"footnotes":""},"categories":[19,14,13,18,20,10],"tags":[27,26,30,29,28],"class_list":["post-44","post","type-post","status-publish","format-standard","hentry","category-dokuma","category-havalandirma","category-iklimlendirme","category-iplik","category-orme","category-tekstil","tag-havalandirma","tag-iklimlendirme","tag-salon","tag-santral","tag-telef"],"aioseo_notices":[],"_links":{"self":[{"href":"https:\/\/www.mitasklima.com\/tekstilklimasistemleri\/wp-json\/wp\/v2\/posts\/44","targetHints":{"allow":["GET"]}}],"collection":[{"href":"https:\/\/www.mitasklima.com\/tekstilklimasistemleri\/wp-json\/wp\/v2\/posts"}],"about":[{"href":"https:\/\/www.mitasklima.com\/tekstilklimasistemleri\/wp-json\/wp\/v2\/types\/post"}],"author":[{"embeddable":true,"href":"https:\/\/www.mitasklima.com\/tekstilklimasistemleri\/wp-json\/wp\/v2\/users\/2"}],"replies":[{"embeddable":true,"href":"https:\/\/www.mitasklima.com\/tekstilklimasistemleri\/wp-json\/wp\/v2\/comments?post=44"}],"version-history":[{"count":1,"href":"https:\/\/www.mitasklima.com\/tekstilklimasistemleri\/wp-json\/wp\/v2\/posts\/44\/revisions"}],"predecessor-version":[{"id":45,"href":"https:\/\/www.mitasklima.com\/tekstilklimasistemleri\/wp-json\/wp\/v2\/posts\/44\/revisions\/45"}],"wp:attachment":[{"href":"https:\/\/www.mitasklima.com\/tekstilklimasistemleri\/wp-json\/wp\/v2\/media?parent=44"}],"wp:term":[{"taxonomy":"category","embeddable":true,"href":"https:\/\/www.mitasklima.com\/tekstilklimasistemleri\/wp-json\/wp\/v2\/categories?post=44"},{"taxonomy":"post_tag","embeddable":true,"href":"https:\/\/www.mitasklima.com\/tekstilklimasistemleri\/wp-json\/wp\/v2\/tags?post=44"}],"curies":[{"name":"wp","href":"https:\/\/api.w.org\/{rel}","templated":true}]}}